{"id":104,"date":"2016-09-29T16:51:00","date_gmt":"2016-09-29T16:51:00","guid":{"rendered":"https:\/\/fabiennejouvin.com\/blog2\/?p=104"},"modified":"2023-08-30T23:02:14","modified_gmt":"2023-08-30T21:02:14","slug":"today-conference-of-the-comite-franceclat-paris","status":"publish","type":"post","link":"https:\/\/fabiennejouvin.com\/blog\/today-conference-of-the-comite-franceclat-paris\/","title":{"rendered":"New exhibition and conference of the COMITE FRANCECLAT. Paris"},"content":{"rendered":"\n<figure class=\"wp-block-image\"><img decoding=\"async\" src=\"https:\/\/fabiennejouvin.com\/blog\/public\/.fabiennejouvin_design_knife_comitefranceclat_cloisonne_m.jpg\" alt=\"fabiennejouvin_design_knife_comitefranceclat_cloisonne.jpg\"\/><\/figure>\n\n\n\n<p><em>My knife PALOS for the COMITE FRANCECLAT<\/em>.<br>\n<em>Today the new exhibition and conference of the COMITE FRANCECLAT &#8211; commitee for the development of the French Manufactures of watchmaking , jewelery and tableware.<\/em><br>\n<em>Our team of designers and jewelers exhibits some unique pieces and prototypes. More photos in 2018&#8230;<\/em> <br> Mon couteau PALOS pour le COMITE FRANCECLAT.<br>\nAujourd&rsquo;hui nouvelles exposition et conf\u00e9rence du COMITE FRANCECLAT &#8211; Comit\u00e9 professionnel de d\u00e9veloppement de l&rsquo;horlogerie , de la bijouterie , de la joaillerie , de l&rsquo;orf\u00e9vrerie et des arts de la table.<br>\nNotre \u00e9quipe de designers et bijoutiers y exposent quelques pi\u00e8ces uniques et prototypes. Plus de photos en 2018&#8230; <\/p>\n","protected":false},"excerpt":{"rendered":"<p>My knife PALOS for the COMITE FRANCECLAT. Today the new exhibition and conference of the COMITE FRANCECLAT &#8211; commitee for the development of the French Manufactures of watchmaking , jewelery and tableware. Our team of designers and jewelers exhibits some unique pieces and prototypes. More photos in 2018&#8230; Mon couteau PALOS pour le COMITE FRANCECLAT. &#8230; <a title=\"New exhibition and conference of the COMITE FRANCECLAT. Paris\" class=\"read-more\" href=\"https:\/\/fabiennejouvin.com\/blog\/today-conference-of-the-comite-franceclat-paris\/\" aria-label=\"En savoir plus sur New exhibition and conference of the COMITE FRANCECLAT. Paris\">Lire la suite<\/a><\/p>\n","protected":false},"author":2,"featured_media":1155,"comment_status":"closed","ping_status":"closed","sticky":false,"template":"","format":"standard","meta":{"footnotes":""},"categories":[6],"tags":[],"class_list":["post-104","post","type-post","status-publish","format-standard","has-post-thumbnail","hentry","category-for-franceclat"],"_links":{"self":[{"href":"https:\/\/fabiennejouvin.com\/blog\/wp-json\/wp\/v2\/posts\/104","targetHints":{"allow":["GET"]}}],"collection":[{"href":"https:\/\/fabiennejouvin.com\/blog\/wp-json\/wp\/v2\/posts"}],"about":[{"href":"https:\/\/fabiennejouvin.com\/blog\/wp-json\/wp\/v2\/types\/post"}],"author":[{"embeddable":true,"href":"https:\/\/fabiennejouvin.com\/blog\/wp-json\/wp\/v2\/users\/2"}],"replies":[{"embeddable":true,"href":"https:\/\/fabiennejouvin.com\/blog\/wp-json\/wp\/v2\/comments?post=104"}],"version-history":[{"count":10,"href":"https:\/\/fabiennejouvin.com\/blog\/wp-json\/wp\/v2\/posts\/104\/revisions"}],"predecessor-version":[{"id":1157,"href":"https:\/\/fabiennejouvin.com\/blog\/wp-json\/wp\/v2\/posts\/104\/revisions\/1157"}],"wp:featuredmedia":[{"embeddable":true,"href":"https:\/\/fabiennejouvin.com\/blog\/wp-json\/wp\/v2\/media\/1155"}],"wp:attachment":[{"href":"https:\/\/fabiennejouvin.com\/blog\/wp-json\/wp\/v2\/media?parent=104"}],"wp:term":[{"taxonomy":"category","embeddable":true,"href":"https:\/\/fabiennejouvin.com\/blog\/wp-json\/wp\/v2\/categories?post=104"},{"taxonomy":"post_tag","embeddable":true,"href":"https:\/\/fabiennejouvin.com\/blog\/wp-json\/wp\/v2\/tags?post=104"}],"curies":[{"name":"wp","href":"https:\/\/api.w.org\/{rel}","templated":true}]}}